{"id":2096,"date":"2016-11-17T09:10:41","date_gmt":"2016-11-17T09:10:41","guid":{"rendered":"http:\/\/universocial.ulpgc.es\/wordpress?p=2096"},"modified":"2017-02-03T14:48:10","modified_gmt":"2017-02-03T14:48:10","slug":"actividades-de-promocion-durante-el-ano-2016","status":"publish","type":"post","link":"https:\/\/universocial.ulpgc.es\/wordpress\/promocion-y-desarrollo\/actividades-de-promocion-durante-el-ano-2016\/","title":{"rendered":"Actividades de promoci\u00f3n durante el a\u00f1o 2016"},"content":{"rendered":"<h4>Actividades de promoci\u00f3n durante el a\u00f1o 2016<\/h4>\n<ol>\n<ol type=\"a\">\n<li><span style=\"color: #000000;\"><span style=\"font-family: Calibri, serif;\"><span style=\"font-family: 'Times New Roman', serif;\"><span style=\"font-size: medium;\">La presidenta de la asociaci\u00f3n, la coordinadora del voluntariado, un becario y (asistentes al congreso) han participado en la evaluaci\u00f3n de Los Planes Estrat\u00e9gicos (2014-16) que se present\u00f3 en el XIII Congreso Internacional y las XXXIII Jornadas de Universidades y Educaci\u00f3n Inclusiva: Liderazgo y empoderamiento docente. Nuevos retos de la educaci\u00f3n inclusiva en la sociedad del conocimiento. <\/span><\/span><\/span><\/span><\/li>\n<li><span style=\"font-family: 'Times New Roman', serif;\"><span style=\"font-size: medium;\"><span style=\"color: #000000;\">Contacto de la asociaci\u00f3n con d<\/span>iferentes entidades y asociaciones como \u201cFuente de Vida\u201d, \u201cMi Hijo y yo\u201d y \u201cPrograma de mayores de la ULPGC\u201d.<\/span><\/span><\/li>\n<li><span style=\"color: #000000;\"><span style=\"font-family: 'Times New Roman', serif;\"><span style=\"font-size: medium;\">Un art\u00edculo sobre la asociaci\u00f3n en la p\u00e1gina web de la ULPGC en la Facultad de Educaci\u00f3n.<\/span><\/span><\/span><\/li>\n<li><span style=\"color: #000000;\"><span style=\"font-family: 'Times New Roman', serif;\"><span style=\"font-size: medium;\">Confirmaci\u00f3n por parte de la decana de la Facultad de Educaci\u00f3n de local equipado fijo para la asociaci\u00f3n.<\/span><\/span><\/span><\/li>\n<li><span style=\"color: #000000;\"><span style=\"font-family: Calibri, serif;\"><span style=\"font-family: 'Times New Roman', serif;\"><span style=\"font-size: medium;\">Migraci\u00f3n de la p\u00e1gina web <\/span><\/span><span style=\"font-family: 'Times New Roman', serif;\"><span style=\"font-size: medium;\"><span lang=\"es-ES\">universocialcanarias.wix.com\/universocialcanarias con el dominio de universocial.ulpgc<\/span><\/span><\/span><\/span><\/span><\/li>\n<\/ol>\n<\/ol>\n","protected":false},"excerpt":{"rendered":"<p>Actividades de promoci\u00f3n durante el a\u00f1o 2016 La presidenta de la asociaci\u00f3n, la coordinadora del voluntariado, un becario y (asistentes al congreso) han participado en la evaluaci\u00f3n de Los Planes Estrat\u00e9gicos (2014-16) que se present\u00f3 en el XIII Congreso Internacional y las XXXIII Jornadas de Universidades y Educaci\u00f3n Inclusiva: Liderazgo y empoderamiento docente. Nuevos retos de la educaci\u00f3n inclusiva en&nbsp;<a href=\"https:\/\/universocial.ulpgc.es\/wordpress\/promocion-y-desarrollo\/actividades-de-promocion-durante-el-ano-2016\/\" class=\"read-more\">Continue Reading<\/a><\/p>\n","protected":false},"author":1,"featured_media":0,"comment_status":"open","ping_status":"closed","sticky":false,"template":"","format":"standard","meta":{"_mi_skip_tracking":false},"categories":[47],"tags":[62,50,55,60],"_links":{"self":[{"href":"https:\/\/universocial.ulpgc.es\/wordpress\/wp-json\/wp\/v2\/posts\/2096"}],"collection":[{"href":"https:\/\/universocial.ulpgc.es\/wordpress\/wp-json\/wp\/v2\/posts"}],"about":[{"href":"https:\/\/universocial.ulpgc.es\/wordpress\/wp-json\/wp\/v2\/types\/post"}],"author":[{"embeddable":true,"href":"https:\/\/universocial.ulpgc.es\/wordpress\/wp-json\/wp\/v2\/users\/1"}],"replies":[{"embeddable":true,"href":"https:\/\/universocial.ulpgc.es\/wordpress\/wp-json\/wp\/v2\/comments?post=2096"}],"version-history":[{"count":1,"href":"https:\/\/universocial.ulpgc.es\/wordpress\/wp-json\/wp\/v2\/posts\/2096\/revisions"}],"predecessor-version":[{"id":2097,"href":"https:\/\/universocial.ulpgc.es\/wordpress\/wp-json\/wp\/v2\/posts\/2096\/revisions\/2097"}],"wp:attachment":[{"href":"https:\/\/universocial.ulpgc.es\/wordpress\/wp-json\/wp\/v2\/media?parent=2096"}],"wp:term":[{"taxonomy":"category","embeddable":true,"href":"https:\/\/universocial.ulpgc.es\/wordpress\/wp-json\/wp\/v2\/categories?post=2096"},{"taxonomy":"post_tag","embeddable":true,"href":"https:\/\/universocial.ulpgc.es\/wordpress\/wp-json\/wp\/v2\/tags?post=2096"}],"curies":[{"name":"wp","href":"https:\/\/api.w.org\/{rel}","templated":true}]}}