{"id":2217,"date":"2016-05-22T13:01:59","date_gmt":"2016-05-22T13:01:59","guid":{"rendered":"http:\/\/universocial.ulpgc.es\/wordpress?p=2217"},"modified":"2017-05-22T13:34:11","modified_gmt":"2017-05-22T13:34:11","slug":"proyeccion-y-comunicacion-social-2016","status":"publish","type":"post","link":"https:\/\/universocial.ulpgc.es\/wordpress\/comunicacion-social\/proyeccion-y-comunicacion-social-2016\/","title":{"rendered":"Proyecci\u00f3n y Comunicaci\u00f3n social 2016"},"content":{"rendered":"<p>La proyecci\u00f3n y comunicaci\u00f3n social de UNIVERSOCIAL CANARIAS ha sido a trav\u00e9s de 4 acciones: a) presentar 2 retos social HackForGood 2016, b) dise\u00f1ar y desarrollar un Simposio, y b) participar en una Mesa Redonda.<\/p>\n<p><strong>a) HACKforGOOD 2016.<\/strong><\/p>\n<ul>\n<li>\u00a0<strong>T\u00cdTULO:<\/strong> HackForGood 2016<\/li>\n<li><strong>ORGANIZA:<\/strong> Rectorados de Universidades espa\u00f1olas, y la C\u00e1tedra Telef\u00f3nica de la ULPGC, entre otras entidades.<\/li>\n<li><strong>FECHA DE CELEBRACI\u00d3N: <\/strong>25 al 27 de febrero.<\/li>\n<li><strong>LUGAR:<\/strong> Campus del Obelisco de la ULPGC. Las Palmas de G.C.<\/li>\n<\/ul>\n<p>UNIVERSOCIAL CANARIAS particip\u00f3 con 2 desaf\u00edos o proyectos de innovaci\u00f3n social denominados Retos . Uno relacionado con la ecolog\u00eda y alimentaci\u00f3n, y otro con la accesibilidad universal en el transporte p\u00fablico. A continuaci\u00f3n se incluyen las definiciones con los que se presentaron.<\/p>\n<p>ECOLOGIA Y ALIMENTACI\u00d3N<\/p>\n<p><em>Cada alimento que compramos dispone de una valiosa informaci\u00f3n en su etiquetado y se podr\u00eda facilitar el acceso a esta informaci\u00f3n y procesarla para saber su huella ecol\u00f3gica, es decir, cuanto le est\u00e1 costando al planeta la distribuci\u00f3n de ese producto, cu\u00e1l es el nivel de contaminaci\u00f3n que acarrea hasta que llega al establecimiento en que lo compramos. Como extensi\u00f3n de los anterior, podr\u00edamos, con la informaci\u00f3n nutricional de dichos productos, y a trav\u00e9s de la soluci\u00f3n tecnol\u00f3gica desarrollada, saber si son adecuados para seguir una dieta sana.<\/em><\/p>\n<p>ACCESIBILIDAD UNIVERSAL EN EL TRANSPORTE P\u00daBLICO<\/p>\n<p><em>La accesibilidad universal es un derecho que no se cumple. De hecho, todas las personas que quieran acceder a los medios de transporte encuentran dificultades.<\/em><\/p>\n<p><em>\u00bfEn qu\u00e9 consiste tu reto? Mejorar una aplicaci\u00f3n ya existente (guaguas LPA) que aporta informaci\u00f3n sobre los recorrido, l\u00edneas, horarios y tiempo de espera de autobuses, informaci\u00f3n actualmente insuficiente para los usuarios con problemas visuales, auditivos, intelectuales, mentales y motrices. Entre otras cosas, la aplicaci\u00f3n deber\u00eda aportar informaci\u00f3n sobre si el autob\u00fas es totalmente accesible, si el espacio destinado a la persona con movilidad reducida est\u00e1 disponible o no, en el caso de estar ocupado, cu\u00e1nto tardar\u00e1 en llegar otro veh\u00edculo accesible y si la parada est\u00e1 acondicionada para este tipo de transporte y tambi\u00e9n cu\u00e1l es la parada accesible m\u00e1s cercana. Adem\u00e1s deber\u00eda disponer de la posibilidad de enviar incidencias a la empresa.<\/em><\/p>\n<p><strong>b) Simposio<\/strong><\/p>\n<p>El Simposio, celebrado en el III Congreso Internacional y XXXIII Jornadas de Universidades y Educaci\u00f3n Inclusiva, <strong>fue coordinado por TERESA FONT\u00c1N MONTESINOS<\/strong>, catedr\u00e1tica de la ULPGC, Presidenta de la Asociaci\u00f3n \u00a0UNIVERSOCIAL CANARIAS.<strong> Participaron como ponentes 6 miembros de la Asociaci\u00f3n<\/strong>.<\/p>\n<ul>\n<li><strong>SIMPOSIO N\u00ba 11<\/strong>: CONTRIBUYENDO A UNA CULTURA INCLUSIVA ENTORNO A LA DIVERSIDAD. LA EXPERIENCIA DE LA ASOCIACI\u00d3N UNIVERSOCIAL CANARIAS.<\/li>\n<li><strong>\u00c1REA TEM\u00c1TICA<\/strong>: 9.- Los movimientos sociales y las ONGs en la Educaci\u00f3n Inclusiva. Gesti\u00f3n del voluntariado.<\/li>\n<li><strong>LUGAR<\/strong>: Albacete presentado el 15 de marzo, de 10:30-12:30 horas.<\/li>\n<li><strong>ORGANIZA:<\/strong> Universidad de Castilla-La Mancha.<\/li>\n<\/ul>\n<p><strong>Los autores de las 4 PRESENTACIONES EN EL SIMPOSIO, y los t\u00edtulos de las mismas se se\u00f1alan a continuaci\u00f3n:<\/strong><\/p>\n<p style=\"padding-left: 60px;\">- FONT\u00c1N MONTESINOS, T.: Asociaci\u00f3n Universocial Canarias. Plan Estrat\u00e9gico (2014-16). (Profesora de la ULPGC. Presidenta de UNIVERSOCIAL)<\/p>\n<p style=\"padding-left: 60px;\">- RIVERO MARRERO, G., Y CABRERA MESA, M.: El voluntariado universitario como una oportunidad no formal de desarrollo profesional. (Coordinadora del Voluntariado de UNIVERSOCIAL, y la representante de los Voluntarios de UNIVERSOCIAL).<\/p>\n<p style=\"padding-left: 60px;\">- DOM\u00cdNGUEZ RAMOS, J.: Empleo inclusivo: \u00bfun reto de la comunidad universitaria? (Becario de UNIVERSOCIAL, alumno de la ULPGC)<\/p>\n<p style=\"padding-left: 60px;\">- RIERA BRICE\u00d1O, R., Y PERERA TARAJANO, V.: Los proyectos tecnol\u00f3gicos atendiendo a la diversidad. (Colaboradores de UNIVERSOCIAL, alumnos de la ULPGC).<\/p>\n<p style=\"text-align: center;\"><strong>RESUMEN DEL SIMPOSIO<\/strong><\/p>\n<p>Los asistentes al Simposio optaron por convertirlo en un espacio de debate en donde los autores de las presentaciones expon\u00edan logros, dificultades, planes futuros, y se formulaban preguntas y se hac\u00edan aportaciones.<\/p>\n<p>La Presidenta de la Asociaci\u00f3n, en representaci\u00f3n de los socios de UNIVERSOCIAL CANARIAS, expuso tanto la Visi\u00f3n, la Misi\u00f3n de la Asociaci\u00f3n como sus Valores, que son los propios de la Econom\u00eda Solidaria. Con los resultados de \u00a0la evaluaci\u00f3n del Plan Estrat\u00e9gico (2014-16) qued\u00f3 patente, en los dos primeros a\u00f1os de funcionamiento de la Asociaci\u00f3n, lo conseguido, lo no alcanzado, las actividades fallidas, los retos futuros\u2026<\/p>\n<p>Los alumnos colaboradores, estudiantes de Grado de Ingenier\u00eda Inform\u00e1tica de la ULPGC, presentaron los proyectos de accesibilidad universal para la eliminaci\u00f3n de barreras f\u00edsicas y de la comunicaci\u00f3n en el campus universitario de la ULPGC, escalables a cualquier otro entorno.<\/p>\n<p>La Coordinadora del Voluntariado dio a conocer tanto los tipos y tareas del voluntariado de la Asociaci\u00f3n como su gesti\u00f3n.<\/p>\n<p>El becario de Asociaci\u00f3n, alumno del Grado de Educaci\u00f3n Social, expuso una de las l\u00edneas futuras de la Asociaci\u00f3n como lanzadera de instituciones sociales y creaci\u00f3n de empleo inclusivo.<\/p>\n<p><strong>c) Mesa redonda<\/strong><\/p>\n<p>UNIVERSOCIAL CANARIAS, como colectivo de acci\u00f3n social de la Facultad de Ciencias de la Educaci\u00f3n de la ULPGC, particip\u00f3 en la Mesa Redonda de la Presentaci\u00f3n de los Martes Culturales (curso 2016-17), divulgando la Asociaci\u00f3n entre la comunidad universitaria y captando voluntarios.<\/p>\n","protected":false},"excerpt":{"rendered":"<p>La proyecci\u00f3n y comunicaci\u00f3n social de UNIVERSOCIAL CANARIAS ha sido a trav\u00e9s de 4 acciones: a) presentar 2 retos social HackForGood 2016, b) dise\u00f1ar y desarrollar un Simposio, y b) participar en una Mesa Redonda. a) HACKforGOOD 2016. \u00a0T\u00cdTULO: HackForGood 2016 ORGANIZA: Rectorados de Universidades espa\u00f1olas, y la C\u00e1tedra Telef\u00f3nica de la ULPGC, entre otras entidades. FECHA DE CELEBRACI\u00d3N: 25&nbsp;<a href=\"https:\/\/universocial.ulpgc.es\/wordpress\/comunicacion-social\/proyeccion-y-comunicacion-social-2016\/\" class=\"read-more\">Continue Reading<\/a><\/p>\n","protected":false},"author":1,"featured_media":0,"comment_status":"open","ping_status":"closed","sticky":false,"template":"","format":"standard","meta":{"_mi_skip_tracking":false},"categories":[44],"tags":[64,49,65],"_links":{"self":[{"href":"https:\/\/universocial.ulpgc.es\/wordpress\/wp-json\/wp\/v2\/posts\/2217"}],"collection":[{"href":"https:\/\/universocial.ulpgc.es\/wordpress\/wp-json\/wp\/v2\/posts"}],"about":[{"href":"https:\/\/universocial.ulpgc.es\/wordpress\/wp-json\/wp\/v2\/types\/post"}],"author":[{"embeddable":true,"href":"https:\/\/universocial.ulpgc.es\/wordpress\/wp-json\/wp\/v2\/users\/1"}],"replies":[{"embeddable":true,"href":"https:\/\/universocial.ulpgc.es\/wordpress\/wp-json\/wp\/v2\/comments?post=2217"}],"version-history":[{"count":2,"href":"https:\/\/universocial.ulpgc.es\/wordpress\/wp-json\/wp\/v2\/posts\/2217\/revisions"}],"predecessor-version":[{"id":2222,"href":"https:\/\/universocial.ulpgc.es\/wordpress\/wp-json\/wp\/v2\/posts\/2217\/revisions\/2222"}],"wp:attachment":[{"href":"https:\/\/universocial.ulpgc.es\/wordpress\/wp-json\/wp\/v2\/media?parent=2217"}],"wp:term":[{"taxonomy":"category","embeddable":true,"href":"https:\/\/universocial.ulpgc.es\/wordpress\/wp-json\/wp\/v2\/categories?post=2217"},{"taxonomy":"post_tag","embeddable":true,"href":"https:\/\/universocial.ulpgc.es\/wordpress\/wp-json\/wp\/v2\/tags?post=2217"}],"curies":[{"name":"wp","href":"https:\/\/api.w.org\/{rel}","templated":true}]}}