{"id":2307,"date":"2018-01-08T18:38:36","date_gmt":"2018-01-08T18:38:36","guid":{"rendered":"http:\/\/universocial.ulpgc.es\/?p=2307"},"modified":"2018-03-17T20:15:36","modified_gmt":"2018-03-17T20:15:36","slug":"comienza-los-cursos-del-proyecto-mayores-conectate-con-tu-movil","status":"publish","type":"post","link":"https:\/\/universocial.ulpgc.es\/wordpress\/formacion\/comienza-los-cursos-del-proyecto-mayores-conectate-con-tu-movil\/","title":{"rendered":"Comienza los Cursos del proyecto: Mayores, con\u00e9ctate con tu m\u00f3vil."},"content":{"rendered":"<p>Despu\u00e9s de conseguir nuestra tercera subvenci\u00f3n con el proyecto de \"Las Tecnolog\u00edas de la Informaci\u00f3n y Comunicaci\u00f3n como espacios e instrumentos de Participaci\u00f3n Ciudadana\"\u00a0 a trav\u00e9s de Participaci\u00f3n Ciudadana de Cabildo de Gran Canaria, comenzamos los cursos proyectados dentro del proyecto.<\/p>\n<p>En \u00e9l, las personas mayores que tengan 65 a\u00f1os o m\u00e1s y a trav\u00e9s de previa inscripci\u00f3n, podr\u00e1n aprender gratuitamente el potencial de su m\u00f3vil a trav\u00e9s de su uso y diferentes herramientas que les faciliten su d\u00eda a d\u00eda. Para ello, contar\u00e1n con varios voluntarios que les ayudar\u00e1n a seguir la formaci\u00f3n junto a los docentes.<\/p>\n<p><img loading=\"lazy\" class=\"aligncenter size-large wp-image-2328\" src=\"http:\/\/universocial.ulpgc.es\/wordpresswp-content\/uploads\/2018\/03\/A3-Cartel-Mayores-Conectate-Con-Tu-Movil-actualizzado-724x1024.jpg\" alt=\"\" width=\"604\" height=\"854\" srcset=\"https:\/\/universocial.ulpgc.es\/wordpress\/wp-content\/uploads\/2018\/03\/A3-Cartel-Mayores-Conectate-Con-Tu-Movil-actualizzado-724x1024.jpg 724w, https:\/\/universocial.ulpgc.es\/wordpress\/wp-content\/uploads\/2018\/03\/A3-Cartel-Mayores-Conectate-Con-Tu-Movil-actualizzado-212x300.jpg 212w, https:\/\/universocial.ulpgc.es\/wordpress\/wp-content\/uploads\/2018\/03\/A3-Cartel-Mayores-Conectate-Con-Tu-Movil-actualizzado-768x1086.jpg 768w, https:\/\/universocial.ulpgc.es\/wordpress\/wp-content\/uploads\/2018\/03\/A3-Cartel-Mayores-Conectate-Con-Tu-Movil-actualizzado.jpg 842w\" sizes=\"(max-width: 604px) 100vw, 604px\" \/><\/p>\n<p>Disponemos de cuatro cursos divididos por niveles para adaptarnos a las necesidades del colectivo de mayores. Dos cursos para el b\u00e1sico en horario de ma\u00f1ana o tarde. Si como alumno, quieres continuar la formaci\u00f3n o tienes m\u00e1s capacidad con el m\u00f3vil, puedes realizar los dos cursos para el avanzado en horario de ma\u00f1ana o tarde.<\/p>\n<p style=\"text-align: center;\"><a href=\"http:\/\/universocial.ulpgc.es\/wordpresswp-content\/uploads\/2018\/03\/DIPTICO-PROYECTO-MAYORES-II.pdf\">Descarga y comparte el DIPTICO PROYECTO MAYORES<\/a><\/p>\n<p><img loading=\"lazy\" class=\"aligncenter size-large wp-image-2325\" src=\"http:\/\/universocial.ulpgc.es\/wordpresswp-content\/uploads\/2018\/03\/DIPTICO-PROYECTO-MAYORES-II-1-1024x779.jpg\" alt=\"\" width=\"604\" height=\"459\" srcset=\"https:\/\/universocial.ulpgc.es\/wordpress\/wp-content\/uploads\/2018\/03\/DIPTICO-PROYECTO-MAYORES-II-1-1024x779.jpg 1024w, https:\/\/universocial.ulpgc.es\/wordpress\/wp-content\/uploads\/2018\/03\/DIPTICO-PROYECTO-MAYORES-II-1-300x228.jpg 300w, https:\/\/universocial.ulpgc.es\/wordpress\/wp-content\/uploads\/2018\/03\/DIPTICO-PROYECTO-MAYORES-II-1-768x584.jpg 768w\" sizes=\"(max-width: 604px) 100vw, 604px\" \/><\/p>\n<p><img loading=\"lazy\" class=\"aligncenter size-large wp-image-2332\" src=\"http:\/\/universocial.ulpgc.es\/wordpresswp-content\/uploads\/2018\/01\/DIPTICO-PROYECTO-MAYORES-II-2-1024x715.png\" alt=\"\" width=\"604\" height=\"422\" srcset=\"https:\/\/universocial.ulpgc.es\/wordpress\/wp-content\/uploads\/2018\/01\/DIPTICO-PROYECTO-MAYORES-II-2-1024x715.png 1024w, https:\/\/universocial.ulpgc.es\/wordpress\/wp-content\/uploads\/2018\/01\/DIPTICO-PROYECTO-MAYORES-II-2-300x209.png 300w, https:\/\/universocial.ulpgc.es\/wordpress\/wp-content\/uploads\/2018\/01\/DIPTICO-PROYECTO-MAYORES-II-2-768x536.png 768w\" sizes=\"(max-width: 604px) 100vw, 604px\" \/><\/p>\n<p>Los cursos lo llevar\u00e1n a cabo nuestra docente que imparti\u00f3 el a\u00f1o pasado en el anterior proyecto Chary Nelson y la vocal de la Asociaci\u00f3n, Coraz\u00f3n Su\u00e1rez. As\u00ed mismo, contamos con varios voluntarios que participaron en el anterior proyecto y han querido continuar como voluntarios durante la formaci\u00f3n de los cursos de Mayores, con\u00e9ctate con tu m\u00f3vil.<\/p>\n<p>Adem\u00e1s, en el equipo de trabajo del proyecto, se han incorporado voluntarios Seniors que participaron como alumnos en el proyecto \"<a href=\"http:\/\/universocial.ulpgc.es\/portfolio-view\/la-universidad-como-espacio-intergeracional\/\">La Universidad como Espacio Intergeneracional\".<\/a>\u00a0Una experiencia enriquecedora que nos ha facilitado poner en com\u00fan los puntos de vista de los j\u00f3venes y las necesidades de los mayores para definir las l\u00edneas as\u00ed como el camino del proyecto adapt\u00e1ndonos a las necesidades que demandan nuestros mayores.<\/p>\n<p>\u00a1Nos vemos en el curso!<\/p>\n<p>&nbsp;<\/p>\n","protected":false},"excerpt":{"rendered":"<p>Despu\u00e9s de conseguir nuestra tercera subvenci\u00f3n con el proyecto de \"Las Tecnolog\u00edas de la Informaci\u00f3n y Comunicaci\u00f3n como espacios e instrumentos de Participaci\u00f3n Ciudadana\"\u00a0 a trav\u00e9s de Participaci\u00f3n Ciudadana de Cabildo de Gran Canaria, comenzamos los cursos proyectados dentro del proyecto. En \u00e9l, las personas mayores que tengan 65 a\u00f1os o m\u00e1s y a trav\u00e9s de previa inscripci\u00f3n, podr\u00e1n aprender&nbsp;<a href=\"https:\/\/universocial.ulpgc.es\/wordpress\/formacion\/comienza-los-cursos-del-proyecto-mayores-conectate-con-tu-movil\/\" class=\"read-more\">Continue Reading<\/a><\/p>\n","protected":false},"author":1,"featured_media":2334,"comment_status":"open","ping_status":"closed","sticky":false,"template":"","format":"standard","meta":{"_mi_skip_tracking":false},"categories":[46],"tags":[72,52,71,73],"_links":{"self":[{"href":"https:\/\/universocial.ulpgc.es\/wordpress\/wp-json\/wp\/v2\/posts\/2307"}],"collection":[{"href":"https:\/\/universocial.ulpgc.es\/wordpress\/wp-json\/wp\/v2\/posts"}],"about":[{"href":"https:\/\/universocial.ulpgc.es\/wordpress\/wp-json\/wp\/v2\/types\/post"}],"author":[{"embeddable":true,"href":"https:\/\/universocial.ulpgc.es\/wordpress\/wp-json\/wp\/v2\/users\/1"}],"replies":[{"embeddable":true,"href":"https:\/\/universocial.ulpgc.es\/wordpress\/wp-json\/wp\/v2\/comments?post=2307"}],"version-history":[{"count":12,"href":"https:\/\/universocial.ulpgc.es\/wordpress\/wp-json\/wp\/v2\/posts\/2307\/revisions"}],"predecessor-version":[{"id":2333,"href":"https:\/\/universocial.ulpgc.es\/wordpress\/wp-json\/wp\/v2\/posts\/2307\/revisions\/2333"}],"wp:featuredmedia":[{"embeddable":true,"href":"https:\/\/universocial.ulpgc.es\/wordpress\/wp-json\/wp\/v2\/media\/2334"}],"wp:attachment":[{"href":"https:\/\/universocial.ulpgc.es\/wordpress\/wp-json\/wp\/v2\/media?parent=2307"}],"wp:term":[{"taxonomy":"category","embeddable":true,"href":"https:\/\/universocial.ulpgc.es\/wordpress\/wp-json\/wp\/v2\/categories?post=2307"},{"taxonomy":"post_tag","embeddable":true,"href":"https:\/\/universocial.ulpgc.es\/wordpress\/wp-json\/wp\/v2\/tags?post=2307"}],"curies":[{"name":"wp","href":"https:\/\/api.w.org\/{rel}","templated":true}]}}